{"id":7832,"date":"2022-04-14T08:00:00","date_gmt":"2022-04-14T06:00:00","guid":{"rendered":"https:\/\/blidor.ch\/?p=7832"},"modified":"2022-04-13T17:16:05","modified_gmt":"2022-04-13T15:16:05","slug":"experience-olfactive-enchanteresse","status":"publish","type":"post","link":"https:\/\/blidor.ch\/fr\/bezauberndes-dufterlebnis\/","title":{"rendered":"Notre cadeau parfum\u00e9 pour P\u00e2ques \u00e0 partir du 15 avril 2022 !"},"content":{"rendered":"<div data-elementor-type=\"wp-post\" data-elementor-id=\"7832\" class=\"elementor elementor-7832\" data-elementor-post-type=\"post\">\n\t\t\t\t\t\t<section class=\"elementor-section elementor-top-section elementor-element elementor-element-55a8c671 elementor-section-boxed elementor-section-height-default elementor-section-height-default\" data-id=\"55a8c671\" data-element_type=\"section\" data-e-type=\"section\" data-settings=\"{&quot;background_background&quot;:&quot;classic&quot;}\">\n\t\t\t\t\t\t<div class=\"elementor-container elementor-column-gap-default\">\n\t\t\t\t\t<div class=\"elementor-column elementor-col-100 elementor-top-column elementor-element elementor-element-4d384e93\" data-id=\"4d384e93\" data-element_type=\"column\" data-e-type=\"column\" data-settings=\"{&quot;background_background&quot;:&quot;classic&quot;}\">\n\t\t\t<div class=\"elementor-widget-wrap elementor-element-populated\">\n\t\t\t\t\t\t<div class=\"elementor-element elementor-element-f321ba8 elementor-widget elementor-widget-text-editor\" data-id=\"f321ba8\" data-element_type=\"widget\" data-e-type=\"widget\" data-widget_type=\"text-editor.default\">\n\t\t\t\t<div class=\"elementor-widget-container\">\n\t\t\t\t\t\t\t\t\t<p>Nous souhaitons \u00e0 toutes nos clientes et \u00e0 tous nos clients de joyeuses P\u00e2ques et beaucoup de bons moments avec leurs proches. Avec l'arriv\u00e9e du printemps, le parfum de la nature revient dans la maison. Laissez-vous inspirer par nos senteurs douces et rafra\u00eechissantes.<\/p>\n<p>Pour c\u00e9l\u00e9brer P\u00e2ques avec vous, nous vous offrons 30 % de r\u00e9duction sur tous nos produits de charme pendant 30 jours \u00e0 partir du 15 avril 2022. <a href=\"\/fr\/cat\/budget\/parfum-4\/\">Parfums d'ambiance<\/a> 200 ml et dans le fameux pack de recharge 500 ml.&nbsp;<\/p>\n<p>Avec mes salutations printani\u00e8res<br><span style=\"font-size: 1rem; letter-spacing: 0.3px;\">Votre Blidor AG<\/span><\/p>\t\t\t\t\t\t\t\t<\/div>\n\t\t\t\t<\/div>\n\t\t\t\t\t<\/div>\n\t\t<\/div>\n\t\t\t\t\t<\/div>\n\t\t<\/section>\n\t\t\t\t<section class=\"elementor-section elementor-top-section elementor-element elementor-element-9d57f39 elementor-section-boxed elementor-section-height-default elementor-section-height-default\" data-id=\"9d57f39\" data-element_type=\"section\" data-e-type=\"section\">\n\t\t\t\t\t\t<div class=\"elementor-container elementor-column-gap-default\">\n\t\t\t\t\t<div class=\"elementor-column elementor-col-100 elementor-top-column elementor-element elementor-element-57516a1\" data-id=\"57516a1\" data-element_type=\"column\" data-e-type=\"column\">\n\t\t\t<div class=\"elementor-widget-wrap elementor-element-populated\">\n\t\t\t\t\t\t<div class=\"elementor-element elementor-element-f5e4442 elementor-widget elementor-widget-spacer\" data-id=\"f5e4442\" data-element_type=\"widget\" data-e-type=\"widget\" data-widget_type=\"spacer.default\">\n\t\t\t\t<div class=\"elementor-widget-container\">\n\t\t\t\t\t\t\t<div class=\"elementor-spacer\">\n\t\t\t<div class=\"elementor-spacer-inner\"><\/div>\n\t\t<\/div>\n\t\t\t\t\t\t<\/div>\n\t\t\t\t<\/div>\n\t\t\t\t\t<\/div>\n\t\t<\/div>\n\t\t\t\t\t<\/div>\n\t\t<\/section>\n\t\t\t\t<section class=\"elementor-section elementor-top-section elementor-element elementor-element-6f06c4d elementor-section-boxed elementor-section-height-default elementor-section-height-default\" data-id=\"6f06c4d\" data-element_type=\"section\" data-e-type=\"section\">\n\t\t\t\t\t\t<div class=\"elementor-container elementor-column-gap-default\">\n\t\t\t\t\t<div class=\"elementor-column elementor-col-100 elementor-top-column elementor-element elementor-element-b957e7f\" data-id=\"b957e7f\" data-element_type=\"column\" data-e-type=\"column\">\n\t\t\t<div class=\"elementor-widget-wrap elementor-element-populated\">\n\t\t\t\t\t\t<div class=\"elementor-element elementor-element-459b952 elementor-widget elementor-widget-spacer\" data-id=\"459b952\" data-element_type=\"widget\" data-e-type=\"widget\" data-widget_type=\"spacer.default\">\n\t\t\t\t<div class=\"elementor-widget-container\">\n\t\t\t\t\t\t\t<div class=\"elementor-spacer\">\n\t\t\t<div class=\"elementor-spacer-inner\"><\/div>\n\t\t<\/div>\n\t\t\t\t\t\t<\/div>\n\t\t\t\t<\/div>\n\t\t\t\t\t<\/div>\n\t\t<\/div>\n\t\t\t\t\t<\/div>\n\t\t<\/section>\n\t\t\t\t<section class=\"elementor-section elementor-top-section elementor-element elementor-element-c28b655 elementor-section-boxed elementor-section-height-default elementor-section-height-default\" data-id=\"c28b655\" data-element_type=\"section\" data-e-type=\"section\">\n\t\t\t\t\t\t<div class=\"elementor-container elementor-column-gap-default\">\n\t\t\t\t\t<div class=\"elementor-column elementor-col-100 elementor-top-column elementor-element elementor-element-70ecb94\" data-id=\"70ecb94\" data-element_type=\"column\" data-e-type=\"column\">\n\t\t\t<div class=\"elementor-widget-wrap elementor-element-populated\">\n\t\t\t\t\t\t<div class=\"elementor-element elementor-element-c63e120 elementor-grid-3 elementor-grid-tablet-3 elementor-grid-mobile-2 elementor-products-grid elementor-wc-products elementor-widget elementor-widget-woocommerce-products\" data-id=\"c63e120\" data-element_type=\"widget\" data-e-type=\"widget\" data-widget_type=\"woocommerce-products.default\">\n\t\t\t\t<div class=\"elementor-widget-container\">\n\t\t\t\t\t<div class=\"woocommerce columns-3\"><ul class=\"products elementor-grid columns-3\">\n<li class=\"product type-product post-1071 status-publish first instock product_cat-duft product_cat-haushalt product_tag-arvenholz product_tag-bergwald product_tag-beruhigend product_tag-harmonisierend product_tag-raumduft has-post-thumbnail taxable shipping-taxable purchasable product-type-variable has-default-attributes\">\n\t<a href=\"https:\/\/blidor.ch\/fr\/webshop\/raumduft-arvenholz\/\" class=\"woocommerce-LoopProduct-link woocommerce-loop-product__link\"><img fetchpriority=\"high\" decoding=\"async\" width=\"300\" height=\"300\" src=\"https:\/\/blidor.ch\/wp-content\/uploads\/5742-Raumduft-Arvenholz-200ml-300x300.jpg\" class=\"attachment-woocommerce_thumbnail size-woocommerce_thumbnail\" alt=\"Parfum d&#039;ambiance bois d&#039;arolle\" srcset=\"https:\/\/blidor.ch\/wp-content\/uploads\/5742-Raumduft-Arvenholz-200ml-300x300.jpg 300w, https:\/\/blidor.ch\/wp-content\/uploads\/5742-Raumduft-Arvenholz-200ml-100x100.jpg 100w, https:\/\/blidor.ch\/wp-content\/uploads\/5742-Raumduft-Arvenholz-200ml-600x600.jpg 600w, https:\/\/blidor.ch\/wp-content\/uploads\/5742-Raumduft-Arvenholz-200ml-64x64.jpg 64w, https:\/\/blidor.ch\/wp-content\/uploads\/5742-Raumduft-Arvenholz-200ml-512x512.jpg 512w, https:\/\/blidor.ch\/wp-content\/uploads\/5742-Raumduft-Arvenholz-200ml-1152x1152.jpg 1152w, https:\/\/blidor.ch\/wp-content\/uploads\/5742-Raumduft-Arvenholz-200ml-256x256.jpg 256w, https:\/\/blidor.ch\/wp-content\/uploads\/5742-Raumduft-Arvenholz-200ml-768x768.jpg 768w, https:\/\/blidor.ch\/wp-content\/uploads\/5742-Raumduft-Arvenholz-200ml.jpg 1200w\" sizes=\"(max-width: 300px) 100vw, 300px\" \/><h2 class=\"woocommerce-loop-product__title\">Parfum d'ambiance bois d'arolle<\/h2><div class=\"star-rating\" role=\"img\" aria-label=\"Rated 5.00 de 5\" data-no-translation-aria-label=\"\"><span style=\"width:100%\" data-no-translation=\"\" data-trp-gettext=\"\">Rated <strong class=\"rating\">5.00<\/strong> de 5<\/span><\/div>\n\t<span class=\"price\"><span class=\"woocommerce-Price-amount amount\" aria-hidden=\"true\"><bdi><span class=\"woocommerce-Price-currencySymbol\">&#67;&#72;&#70;<\/span>&nbsp;39.90<\/bdi><\/span> <span aria-hidden=\"true\">\u00a0\u2013\u00a0<\/span> <span class=\"woocommerce-Price-amount amount\" aria-hidden=\"true\"><bdi><span class=\"woocommerce-Price-currencySymbol\">&#67;&#72;&#70;<\/span>&nbsp;54.50<\/bdi><\/span><span class=\"screen-reader-text\" data-no-translation=\"\" data-trp-gettext=\"\">Plage de prix\u00a0: &#67;&#72;&#70;&nbsp;39.90 \u00e0 &#67;&#72;&#70;&nbsp;54.50<\/span> <small class=\"woocommerce-price-suffix\">TVA incluse<\/small><\/span>\n<\/a><a href=\"https:\/\/blidor.ch\/fr\/webshop\/raumduft-arvenholz\/\" aria-describedby=\"woocommerce_loop_add_to_cart_link_describedby_1071\" data-quantity=\"1\" class=\"button product_type_variable add_to_cart_button\" data-product_id=\"1071\" data-product_sku=\"\" aria-label=\"Choisir les options pour &quot;Raumduft Arvenholz&quot;\" rel=\"nofollow\" data-no-translation=\"\" data-trp-gettext=\"\" data-no-translation-aria-label=\"\">S\u00e9lectionnez les options<\/a>\t<span id=\"woocommerce_loop_add_to_cart_link_describedby_1071\" class=\"screen-reader-text\">\n\t\tCe produit a plusieurs variantes. Les options peuvent \u00eatre choisies sur la page de produit\t<\/span>\n<span class=\"gtm4wp_productdata\" style=\"display:none; visibility:hidden;\" data-gtm4wp_product_data=\"{&quot;internal_id&quot;:1071,&quot;item_id&quot;:1071,&quot;item_name&quot;:&quot;Raumduft Arvenholz&quot;,&quot;sku&quot;:1071,&quot;price&quot;:39.89999999999999857891452847979962825775146484375,&quot;stocklevel&quot;:null,&quot;stockstatus&quot;:&quot;instock&quot;,&quot;google_business_vertical&quot;:&quot;retail&quot;,&quot;item_category&quot;:&quot;Duft&quot;,&quot;id&quot;:1071,&quot;productlink&quot;:&quot;https:\\\/\\\/blidor.ch\\\/fr\\\/webshop\\\/raumduft-arvenholz\\\/&quot;,&quot;item_list_name&quot;:&quot;Liste g\\u00e9n\\u00e9rale des produits&quot;,&quot;index&quot;:1,&quot;product_type&quot;:&quot;variable&quot;,&quot;item_brand&quot;:&quot;&quot;}\"><\/span><\/li>\n<li class=\"product type-product post-1190 status-publish instock product_cat-duft product_cat-haushalt product_tag-birke product_tag-frischer-duft product_tag-fruehlingsduft product_tag-raumduft has-post-thumbnail taxable shipping-taxable purchasable product-type-variable has-default-attributes\">\n\t<a href=\"https:\/\/blidor.ch\/fr\/webshop\/raumduft-birke\/\" class=\"woocommerce-LoopProduct-link woocommerce-loop-product__link\"><img decoding=\"async\" width=\"300\" height=\"300\" src=\"https:\/\/blidor.ch\/wp-content\/uploads\/5748-Raumduft-Birke-200ml-300x300.jpg\" class=\"attachment-woocommerce_thumbnail size-woocommerce_thumbnail\" alt=\"Parfum d&#039;ambiance Bouleau\" srcset=\"https:\/\/blidor.ch\/wp-content\/uploads\/5748-Raumduft-Birke-200ml-300x300.jpg 300w, https:\/\/blidor.ch\/wp-content\/uploads\/5748-Raumduft-Birke-200ml-100x100.jpg 100w, https:\/\/blidor.ch\/wp-content\/uploads\/5748-Raumduft-Birke-200ml-600x600.jpg 600w, https:\/\/blidor.ch\/wp-content\/uploads\/5748-Raumduft-Birke-200ml-64x64.jpg 64w, https:\/\/blidor.ch\/wp-content\/uploads\/5748-Raumduft-Birke-200ml-512x512.jpg 512w, https:\/\/blidor.ch\/wp-content\/uploads\/5748-Raumduft-Birke-200ml-1152x1152.jpg 1152w, https:\/\/blidor.ch\/wp-content\/uploads\/5748-Raumduft-Birke-200ml-256x256.jpg 256w, https:\/\/blidor.ch\/wp-content\/uploads\/5748-Raumduft-Birke-200ml-768x768.jpg 768w, https:\/\/blidor.ch\/wp-content\/uploads\/5748-Raumduft-Birke-200ml.jpg 1200w\" sizes=\"(max-width: 300px) 100vw, 300px\" \/><h2 class=\"woocommerce-loop-product__title\">Parfum d'ambiance Bouleau<\/h2>\n\t<span class=\"price\"><span class=\"woocommerce-Price-amount amount\" aria-hidden=\"true\"><bdi><span class=\"woocommerce-Price-currencySymbol\">&#67;&#72;&#70;<\/span>&nbsp;39.90<\/bdi><\/span> <span aria-hidden=\"true\">\u00a0\u2013\u00a0<\/span> <span class=\"woocommerce-Price-amount amount\" aria-hidden=\"true\"><bdi><span class=\"woocommerce-Price-currencySymbol\">&#67;&#72;&#70;<\/span>&nbsp;54.50<\/bdi><\/span><span class=\"screen-reader-text\" data-no-translation=\"\" data-trp-gettext=\"\">Plage de prix\u00a0: &#67;&#72;&#70;&nbsp;39.90 \u00e0 &#67;&#72;&#70;&nbsp;54.50<\/span> <small class=\"woocommerce-price-suffix\">TVA incluse<\/small><\/span>\n<\/a><a href=\"https:\/\/blidor.ch\/fr\/webshop\/raumduft-birke\/\" aria-describedby=\"woocommerce_loop_add_to_cart_link_describedby_1190\" data-quantity=\"1\" class=\"button product_type_variable add_to_cart_button\" data-product_id=\"1190\" data-product_sku=\"\" aria-label=\"Choisir les options pour &quot;Raumduft Birke&quot;\" rel=\"nofollow\" data-no-translation=\"\" data-trp-gettext=\"\" data-no-translation-aria-label=\"\">S\u00e9lectionnez les options<\/a>\t<span id=\"woocommerce_loop_add_to_cart_link_describedby_1190\" class=\"screen-reader-text\">\n\t\tCe produit a plusieurs variantes. Les options peuvent \u00eatre choisies sur la page de produit\t<\/span>\n<span class=\"gtm4wp_productdata\" style=\"display:none; visibility:hidden;\" data-gtm4wp_product_data=\"{&quot;internal_id&quot;:1190,&quot;item_id&quot;:1190,&quot;item_name&quot;:&quot;Raumduft Birke&quot;,&quot;sku&quot;:1190,&quot;price&quot;:39.89999999999999857891452847979962825775146484375,&quot;stocklevel&quot;:null,&quot;stockstatus&quot;:&quot;instock&quot;,&quot;google_business_vertical&quot;:&quot;retail&quot;,&quot;item_category&quot;:&quot;Duft&quot;,&quot;id&quot;:1190,&quot;productlink&quot;:&quot;https:\\\/\\\/blidor.ch\\\/fr\\\/webshop\\\/raumduft-birke\\\/&quot;,&quot;item_list_name&quot;:&quot;Liste g\\u00e9n\\u00e9rale des produits&quot;,&quot;index&quot;:2,&quot;product_type&quot;:&quot;variable&quot;,&quot;item_brand&quot;:&quot;&quot;}\"><\/span><\/li>\n<li class=\"product type-product post-1210 status-publish last instock product_cat-duft product_cat-haushalt product_tag-fruchtige-frische product_tag-lemon product_tag-raumduft product_tag-zitrone has-post-thumbnail taxable shipping-taxable purchasable product-type-variable has-default-attributes\">\n\t<a href=\"https:\/\/blidor.ch\/fr\/webshop\/raumduft-lemon\/\" class=\"woocommerce-LoopProduct-link woocommerce-loop-product__link\"><img decoding=\"async\" width=\"300\" height=\"300\" src=\"https:\/\/blidor.ch\/wp-content\/uploads\/5741-Raumduft-Lemon-200ml-300x300.jpg\" class=\"attachment-woocommerce_thumbnail size-woocommerce_thumbnail\" alt=\"Parfum d&#039;int\u00e9rieur Lemon\" srcset=\"https:\/\/blidor.ch\/wp-content\/uploads\/5741-Raumduft-Lemon-200ml-300x300.jpg 300w, https:\/\/blidor.ch\/wp-content\/uploads\/5741-Raumduft-Lemon-200ml-100x100.jpg 100w, https:\/\/blidor.ch\/wp-content\/uploads\/5741-Raumduft-Lemon-200ml-600x600.jpg 600w, https:\/\/blidor.ch\/wp-content\/uploads\/5741-Raumduft-Lemon-200ml-64x64.jpg 64w, https:\/\/blidor.ch\/wp-content\/uploads\/5741-Raumduft-Lemon-200ml-512x512.jpg 512w, https:\/\/blidor.ch\/wp-content\/uploads\/5741-Raumduft-Lemon-200ml-1152x1152.jpg 1152w, https:\/\/blidor.ch\/wp-content\/uploads\/5741-Raumduft-Lemon-200ml-256x256.jpg 256w, https:\/\/blidor.ch\/wp-content\/uploads\/5741-Raumduft-Lemon-200ml-768x768.jpg 768w, https:\/\/blidor.ch\/wp-content\/uploads\/5741-Raumduft-Lemon-200ml.jpg 1200w\" sizes=\"(max-width: 300px) 100vw, 300px\" \/><h2 class=\"woocommerce-loop-product__title\">Parfum d'int\u00e9rieur Lemon<\/h2>\n\t<span class=\"price\"><span class=\"woocommerce-Price-amount amount\" aria-hidden=\"true\"><bdi><span class=\"woocommerce-Price-currencySymbol\">&#67;&#72;&#70;<\/span>&nbsp;39.90<\/bdi><\/span> <span aria-hidden=\"true\">\u00a0\u2013\u00a0<\/span> <span class=\"woocommerce-Price-amount amount\" aria-hidden=\"true\"><bdi><span class=\"woocommerce-Price-currencySymbol\">&#67;&#72;&#70;<\/span>&nbsp;54.50<\/bdi><\/span><span class=\"screen-reader-text\" data-no-translation=\"\" data-trp-gettext=\"\">Plage de prix\u00a0: &#67;&#72;&#70;&nbsp;39.90 \u00e0 &#67;&#72;&#70;&nbsp;54.50<\/span> <small class=\"woocommerce-price-suffix\">TVA incluse<\/small><\/span>\n<\/a><a href=\"https:\/\/blidor.ch\/fr\/webshop\/raumduft-lemon\/\" aria-describedby=\"woocommerce_loop_add_to_cart_link_describedby_1210\" data-quantity=\"1\" class=\"button product_type_variable add_to_cart_button\" data-product_id=\"1210\" data-product_sku=\"\" aria-label=\"Choisir les options pour &quot;Raumduft Lemon&quot;\" rel=\"nofollow\" data-no-translation=\"\" data-trp-gettext=\"\" data-no-translation-aria-label=\"\">S\u00e9lectionnez les options<\/a>\t<span id=\"woocommerce_loop_add_to_cart_link_describedby_1210\" class=\"screen-reader-text\">\n\t\tCe produit a plusieurs variantes. Les options peuvent \u00eatre choisies sur la page de produit\t<\/span>\n<span class=\"gtm4wp_productdata\" style=\"display:none; visibility:hidden;\" data-gtm4wp_product_data=\"{&quot;internal_id&quot;:1210,&quot;item_id&quot;:1210,&quot;item_name&quot;:&quot;Raumduft Lemon&quot;,&quot;sku&quot;:1210,&quot;price&quot;:39.89999999999999857891452847979962825775146484375,&quot;stocklevel&quot;:null,&quot;stockstatus&quot;:&quot;instock&quot;,&quot;google_business_vertical&quot;:&quot;retail&quot;,&quot;item_category&quot;:&quot;Duft&quot;,&quot;id&quot;:1210,&quot;productlink&quot;:&quot;https:\\\/\\\/blidor.ch\\\/fr\\\/webshop\\\/raumduft-lemon\\\/&quot;,&quot;item_list_name&quot;:&quot;Liste g\\u00e9n\\u00e9rale des produits&quot;,&quot;index&quot;:3,&quot;product_type&quot;:&quot;variable&quot;,&quot;item_brand&quot;:&quot;&quot;}\"><\/span><\/li>\n<li class=\"product type-product post-1209 status-publish first instock product_cat-duft product_cat-haushalt product_tag-herbe-frische product_tag-raumduft product_tag-rose product_tag-rosenduft product_tag-rosenholz has-post-thumbnail taxable shipping-taxable purchasable product-type-variable has-default-attributes\">\n\t<a href=\"https:\/\/blidor.ch\/fr\/webshop\/raumduft-rose\/\" class=\"woocommerce-LoopProduct-link woocommerce-loop-product__link\"><img loading=\"lazy\" decoding=\"async\" width=\"300\" height=\"300\" src=\"https:\/\/blidor.ch\/wp-content\/uploads\/5745-Raumduft-Rose-200ml-300x300.jpg\" class=\"attachment-woocommerce_thumbnail size-woocommerce_thumbnail\" alt=\"Parfum d&#039;ambiance Rose\" srcset=\"https:\/\/blidor.ch\/wp-content\/uploads\/5745-Raumduft-Rose-200ml-300x300.jpg 300w, https:\/\/blidor.ch\/wp-content\/uploads\/5745-Raumduft-Rose-200ml-100x100.jpg 100w, https:\/\/blidor.ch\/wp-content\/uploads\/5745-Raumduft-Rose-200ml-600x600.jpg 600w, https:\/\/blidor.ch\/wp-content\/uploads\/5745-Raumduft-Rose-200ml-64x64.jpg 64w, https:\/\/blidor.ch\/wp-content\/uploads\/5745-Raumduft-Rose-200ml-512x512.jpg 512w, https:\/\/blidor.ch\/wp-content\/uploads\/5745-Raumduft-Rose-200ml-1152x1152.jpg 1152w, https:\/\/blidor.ch\/wp-content\/uploads\/5745-Raumduft-Rose-200ml-256x256.jpg 256w, https:\/\/blidor.ch\/wp-content\/uploads\/5745-Raumduft-Rose-200ml-768x768.jpg 768w, https:\/\/blidor.ch\/wp-content\/uploads\/5745-Raumduft-Rose-200ml.jpg 1200w\" sizes=\"(max-width: 300px) 100vw, 300px\" \/><h2 class=\"woocommerce-loop-product__title\">Parfum d'ambiance Rose<\/h2>\n\t<span class=\"price\"><span class=\"woocommerce-Price-amount amount\" aria-hidden=\"true\"><bdi><span class=\"woocommerce-Price-currencySymbol\">&#67;&#72;&#70;<\/span>&nbsp;39.90<\/bdi><\/span> <span aria-hidden=\"true\">\u00a0\u2013\u00a0<\/span> <span class=\"woocommerce-Price-amount amount\" aria-hidden=\"true\"><bdi><span class=\"woocommerce-Price-currencySymbol\">&#67;&#72;&#70;<\/span>&nbsp;54.50<\/bdi><\/span><span class=\"screen-reader-text\" data-no-translation=\"\" data-trp-gettext=\"\">Plage de prix\u00a0: &#67;&#72;&#70;&nbsp;39.90 \u00e0 &#67;&#72;&#70;&nbsp;54.50<\/span> <small class=\"woocommerce-price-suffix\">TVA incluse<\/small><\/span>\n<\/a><a href=\"https:\/\/blidor.ch\/fr\/webshop\/raumduft-rose\/\" aria-describedby=\"woocommerce_loop_add_to_cart_link_describedby_1209\" data-quantity=\"1\" class=\"button product_type_variable add_to_cart_button\" data-product_id=\"1209\" data-product_sku=\"\" aria-label=\"Choisir les options pour &quot;Raumduft Rose&quot;\" rel=\"nofollow\" data-no-translation=\"\" data-trp-gettext=\"\" data-no-translation-aria-label=\"\">S\u00e9lectionnez les options<\/a>\t<span id=\"woocommerce_loop_add_to_cart_link_describedby_1209\" class=\"screen-reader-text\">\n\t\tCe produit a plusieurs variantes. Les options peuvent \u00eatre choisies sur la page de produit\t<\/span>\n<span class=\"gtm4wp_productdata\" style=\"display:none; visibility:hidden;\" data-gtm4wp_product_data=\"{&quot;internal_id&quot;:1209,&quot;item_id&quot;:1209,&quot;item_name&quot;:&quot;Raumduft Rose&quot;,&quot;sku&quot;:1209,&quot;price&quot;:39.89999999999999857891452847979962825775146484375,&quot;stocklevel&quot;:null,&quot;stockstatus&quot;:&quot;instock&quot;,&quot;google_business_vertical&quot;:&quot;retail&quot;,&quot;item_category&quot;:&quot;Duft&quot;,&quot;id&quot;:1209,&quot;productlink&quot;:&quot;https:\\\/\\\/blidor.ch\\\/fr\\\/webshop\\\/raumduft-rose\\\/&quot;,&quot;item_list_name&quot;:&quot;Liste g\\u00e9n\\u00e9rale des produits&quot;,&quot;index&quot;:4,&quot;product_type&quot;:&quot;variable&quot;,&quot;item_brand&quot;:&quot;&quot;}\"><\/span><\/li>\n<li class=\"product type-product post-1160 status-publish instock product_cat-duft product_cat-haushalt product_tag-entspannend product_tag-raumduft product_tag-sandelholz has-post-thumbnail taxable shipping-taxable purchasable product-type-variable has-default-attributes\">\n\t<a href=\"https:\/\/blidor.ch\/fr\/webshop\/raumduft-sandelholz\/\" class=\"woocommerce-LoopProduct-link woocommerce-loop-product__link\"><img loading=\"lazy\" decoding=\"async\" width=\"300\" height=\"300\" src=\"https:\/\/blidor.ch\/wp-content\/uploads\/Sandelholz-300x300.jpg\" class=\"attachment-woocommerce_thumbnail size-woocommerce_thumbnail\" alt=\"Bois de santal\" srcset=\"https:\/\/blidor.ch\/wp-content\/uploads\/Sandelholz-300x300.jpg 300w, https:\/\/blidor.ch\/wp-content\/uploads\/Sandelholz-100x100.jpg 100w, https:\/\/blidor.ch\/wp-content\/uploads\/Sandelholz-600x600.jpg 600w, https:\/\/blidor.ch\/wp-content\/uploads\/Sandelholz-64x64.jpg 64w, https:\/\/blidor.ch\/wp-content\/uploads\/Sandelholz-512x512.jpg 512w, https:\/\/blidor.ch\/wp-content\/uploads\/Sandelholz-1152x1152.jpg 1152w, https:\/\/blidor.ch\/wp-content\/uploads\/Sandelholz-256x256.jpg 256w, https:\/\/blidor.ch\/wp-content\/uploads\/Sandelholz-768x768.jpg 768w, https:\/\/blidor.ch\/wp-content\/uploads\/Sandelholz.jpg 1200w\" sizes=\"(max-width: 300px) 100vw, 300px\" \/><h2 class=\"woocommerce-loop-product__title\">Parfum d'int\u00e9rieur Bois de santal<\/h2>\n\t<span class=\"price\"><span class=\"woocommerce-Price-amount amount\" aria-hidden=\"true\"><bdi><span class=\"woocommerce-Price-currencySymbol\">&#67;&#72;&#70;<\/span>&nbsp;39.90<\/bdi><\/span> <span aria-hidden=\"true\">\u00a0\u2013\u00a0<\/span> <span class=\"woocommerce-Price-amount amount\" aria-hidden=\"true\"><bdi><span class=\"woocommerce-Price-currencySymbol\">&#67;&#72;&#70;<\/span>&nbsp;54.50<\/bdi><\/span><span class=\"screen-reader-text\" data-no-translation=\"\" data-trp-gettext=\"\">Plage de prix\u00a0: &#67;&#72;&#70;&nbsp;39.90 \u00e0 &#67;&#72;&#70;&nbsp;54.50<\/span> <small class=\"woocommerce-price-suffix\">TVA incluse<\/small><\/span>\n<\/a><a href=\"https:\/\/blidor.ch\/fr\/webshop\/raumduft-sandelholz\/\" aria-describedby=\"woocommerce_loop_add_to_cart_link_describedby_1160\" data-quantity=\"1\" class=\"button product_type_variable add_to_cart_button\" data-product_id=\"1160\" data-product_sku=\"\" aria-label=\"Choisir les options pour &quot;Raumduft Sandelholz&quot;\" rel=\"nofollow\" data-no-translation=\"\" data-trp-gettext=\"\" data-no-translation-aria-label=\"\">S\u00e9lectionnez les options<\/a>\t<span id=\"woocommerce_loop_add_to_cart_link_describedby_1160\" class=\"screen-reader-text\">\n\t\tCe produit a plusieurs variantes. Les options peuvent \u00eatre choisies sur la page de produit\t<\/span>\n<span class=\"gtm4wp_productdata\" style=\"display:none; visibility:hidden;\" data-gtm4wp_product_data=\"{&quot;internal_id&quot;:1160,&quot;item_id&quot;:1160,&quot;item_name&quot;:&quot;Raumduft Sandelholz&quot;,&quot;sku&quot;:1160,&quot;price&quot;:39.89999999999999857891452847979962825775146484375,&quot;stocklevel&quot;:null,&quot;stockstatus&quot;:&quot;instock&quot;,&quot;google_business_vertical&quot;:&quot;retail&quot;,&quot;item_category&quot;:&quot;Duft&quot;,&quot;id&quot;:1160,&quot;productlink&quot;:&quot;https:\\\/\\\/blidor.ch\\\/fr\\\/webshop\\\/raumduft-sandelholz\\\/&quot;,&quot;item_list_name&quot;:&quot;Liste g\\u00e9n\\u00e9rale des produits&quot;,&quot;index&quot;:5,&quot;product_type&quot;:&quot;variable&quot;,&quot;item_brand&quot;:&quot;&quot;}\"><\/span><\/li>\n<li class=\"product type-product post-1211 status-publish last instock product_cat-duft product_cat-haushalt product_tag-gemuetlichkeit product_tag-harmonisch product_tag-raumduft product_tag-schwerer-duft product_tag-wildfruechte has-post-thumbnail taxable shipping-taxable purchasable product-type-variable has-default-attributes\">\n\t<a href=\"https:\/\/blidor.ch\/fr\/webshop\/raumduft-wildfruechte\/\" class=\"woocommerce-LoopProduct-link woocommerce-loop-product__link\"><img loading=\"lazy\" decoding=\"async\" width=\"300\" height=\"300\" src=\"https:\/\/blidor.ch\/wp-content\/uploads\/5744-Raumduft-Wildfruechte-200ml-300x300.jpg\" class=\"attachment-woocommerce_thumbnail size-woocommerce_thumbnail\" alt=\"Parfum d&#039;int\u00e9rieur Fruits sauvages\" srcset=\"https:\/\/blidor.ch\/wp-content\/uploads\/5744-Raumduft-Wildfruechte-200ml-300x300.jpg 300w, https:\/\/blidor.ch\/wp-content\/uploads\/5744-Raumduft-Wildfruechte-200ml-100x100.jpg 100w, https:\/\/blidor.ch\/wp-content\/uploads\/5744-Raumduft-Wildfruechte-200ml-600x600.jpg 600w, https:\/\/blidor.ch\/wp-content\/uploads\/5744-Raumduft-Wildfruechte-200ml-64x64.jpg 64w, https:\/\/blidor.ch\/wp-content\/uploads\/5744-Raumduft-Wildfruechte-200ml-512x512.jpg 512w, https:\/\/blidor.ch\/wp-content\/uploads\/5744-Raumduft-Wildfruechte-200ml-1152x1152.jpg 1152w, https:\/\/blidor.ch\/wp-content\/uploads\/5744-Raumduft-Wildfruechte-200ml-256x256.jpg 256w, https:\/\/blidor.ch\/wp-content\/uploads\/5744-Raumduft-Wildfruechte-200ml-768x768.jpg 768w, https:\/\/blidor.ch\/wp-content\/uploads\/5744-Raumduft-Wildfruechte-200ml.jpg 1200w\" sizes=\"(max-width: 300px) 100vw, 300px\" \/><h2 class=\"woocommerce-loop-product__title\">Parfum d'int\u00e9rieur Fruits sauvages<\/h2>\n\t<span class=\"price\"><span class=\"woocommerce-Price-amount amount\" aria-hidden=\"true\"><bdi><span class=\"woocommerce-Price-currencySymbol\">&#67;&#72;&#70;<\/span>&nbsp;39.90<\/bdi><\/span> <span aria-hidden=\"true\">\u00a0\u2013\u00a0<\/span> <span class=\"woocommerce-Price-amount amount\" aria-hidden=\"true\"><bdi><span class=\"woocommerce-Price-currencySymbol\">&#67;&#72;&#70;<\/span>&nbsp;54.50<\/bdi><\/span><span class=\"screen-reader-text\" data-no-translation=\"\" data-trp-gettext=\"\">Plage de prix\u00a0: &#67;&#72;&#70;&nbsp;39.90 \u00e0 &#67;&#72;&#70;&nbsp;54.50<\/span> <small class=\"woocommerce-price-suffix\">TVA incluse<\/small><\/span>\n<\/a><a href=\"https:\/\/blidor.ch\/fr\/webshop\/raumduft-wildfruechte\/\" aria-describedby=\"woocommerce_loop_add_to_cart_link_describedby_1211\" data-quantity=\"1\" class=\"button product_type_variable add_to_cart_button\" data-product_id=\"1211\" data-product_sku=\"\" aria-label=\"Choisir les options pour &quot;Raumduft Wildfr\u00fcchte&quot;\" rel=\"nofollow\" data-no-translation=\"\" data-trp-gettext=\"\" data-no-translation-aria-label=\"\">S\u00e9lectionnez les options<\/a>\t<span id=\"woocommerce_loop_add_to_cart_link_describedby_1211\" class=\"screen-reader-text\">\n\t\tCe produit a plusieurs variantes. Les options peuvent \u00eatre choisies sur la page de produit\t<\/span>\n<span class=\"gtm4wp_productdata\" style=\"display:none; visibility:hidden;\" data-gtm4wp_product_data=\"{&quot;internal_id&quot;:1211,&quot;item_id&quot;:1211,&quot;item_name&quot;:&quot;Raumduft Wildfr\\u00fcchte&quot;,&quot;sku&quot;:1211,&quot;price&quot;:39.89999999999999857891452847979962825775146484375,&quot;stocklevel&quot;:null,&quot;stockstatus&quot;:&quot;instock&quot;,&quot;google_business_vertical&quot;:&quot;retail&quot;,&quot;item_category&quot;:&quot;Duft&quot;,&quot;id&quot;:1211,&quot;productlink&quot;:&quot;https:\\\/\\\/blidor.ch\\\/fr\\\/webshop\\\/raumduft-wildfruechte\\\/&quot;,&quot;item_list_name&quot;:&quot;Liste g\\u00e9n\\u00e9rale des produits&quot;,&quot;index&quot;:6,&quot;product_type&quot;:&quot;variable&quot;,&quot;item_brand&quot;:&quot;&quot;}\"><\/span><\/li>\n<\/ul>\n<\/div>\t\t\t\t<\/div>\n\t\t\t\t<\/div>\n\t\t\t\t\t<\/div>\n\t\t<\/div>\n\t\t\t\t\t<\/div>\n\t\t<\/section>\n\t\t\t\t<\/div>","protected":false},"excerpt":{"rendered":"<p>Nous souhaitons \u00e0 tous nos clients de joyeuses P\u00e2ques et beaucoup de bons moments avec leurs proches. <\/p>","protected":false},"author":4,"featured_media":7842,"comment_status":"open","ping_status":"open","sticky":false,"template":"","format":"standard","meta":{"footnotes":""},"categories":[52],"tags":[],"class_list":["post-7832","post","type-post","status-publish","format-standard","has-post-thumbnail","hentry","category-aus-unserem-webshop"],"_links":{"self":[{"href":"https:\/\/blidor.ch\/fr\/wp-json\/wp\/v2\/posts\/7832","targetHints":{"allow":["GET"]}}],"collection":[{"href":"https:\/\/blidor.ch\/fr\/wp-json\/wp\/v2\/posts"}],"about":[{"href":"https:\/\/blidor.ch\/fr\/wp-json\/wp\/v2\/types\/post"}],"author":[{"embeddable":true,"href":"https:\/\/blidor.ch\/fr\/wp-json\/wp\/v2\/users\/4"}],"replies":[{"embeddable":true,"href":"https:\/\/blidor.ch\/fr\/wp-json\/wp\/v2\/comments?post=7832"}],"version-history":[{"count":0,"href":"https:\/\/blidor.ch\/fr\/wp-json\/wp\/v2\/posts\/7832\/revisions"}],"wp:featuredmedia":[{"embeddable":true,"href":"https:\/\/blidor.ch\/fr\/wp-json\/wp\/v2\/media\/7842"}],"wp:attachment":[{"href":"https:\/\/blidor.ch\/fr\/wp-json\/wp\/v2\/media?parent=7832"}],"wp:term":[{"taxonomy":"category","embeddable":true,"href":"https:\/\/blidor.ch\/fr\/wp-json\/wp\/v2\/categories?post=7832"},{"taxonomy":"post_tag","embeddable":true,"href":"https:\/\/blidor.ch\/fr\/wp-json\/wp\/v2\/tags?post=7832"}],"curies":[{"name":"wp","href":"https:\/\/api.w.org\/{rel}","templated":true}]}}