{"id":7243,"date":"2022-03-25T13:34:42","date_gmt":"2022-03-25T12:34:42","guid":{"rendered":"https:\/\/blidor.ch\/?p=7243"},"modified":"2022-03-25T13:36:02","modified_gmt":"2022-03-25T12:36:02","slug":"il-etait-une-fois-il-y-a-longtemps","status":"publish","type":"post","link":"https:\/\/blidor.ch\/fr\/es-war-einmal-vor-langer-zeit\/","title":{"rendered":"Il \u00e9tait une fois, il y a longtemps..."},"content":{"rendered":"<div data-elementor-type=\"wp-post\" data-elementor-id=\"7243\" class=\"elementor elementor-7243\" data-elementor-post-type=\"post\">\n\t\t\t\t\t\t<section class=\"elementor-section elementor-top-section elementor-element elementor-element-55a8c671 elementor-section-boxed elementor-section-height-default elementor-section-height-default\" data-id=\"55a8c671\" data-element_type=\"section\" data-e-type=\"section\">\n\t\t\t\t\t\t<div class=\"elementor-container elementor-column-gap-default\">\n\t\t\t\t\t<div class=\"elementor-column elementor-col-100 elementor-top-column elementor-element elementor-element-4d384e93\" data-id=\"4d384e93\" data-element_type=\"column\" data-e-type=\"column\">\n\t\t\t<div class=\"elementor-widget-wrap elementor-element-populated\">\n\t\t\t\t\t\t<div class=\"elementor-element elementor-element-f321ba8 elementor-widget elementor-widget-text-editor\" data-id=\"f321ba8\" data-element_type=\"widget\" data-e-type=\"widget\" data-widget_type=\"text-editor.default\">\n\t\t\t\t<div class=\"elementor-widget-container\">\n\t\t\t\t\t\t\t\t\t<p>Depuis notre cr\u00e9ation, il a toujours \u00e9t\u00e9 important pour nous de d\u00e9fendre l'\u00e9quit\u00e9, l'\u00e9galit\u00e9 et le courage par et pour les personnes. Des valeurs qui sont \u00e0 la fois synonymes de communaut\u00e9 et de durabilit\u00e9.\u00a0<span style=\"font-size: 1rem; letter-spacing: 0.3px;\">Notre objectif est d'accompagner nos clients sur leur chemin et de rendre le monde un peu meilleur gr\u00e2ce au bien-\u00eatre dans les situations les plus diverses.<\/span><\/p><p>Ce sont les petits moments du pr\u00e9sent qui enrichissent souvent notre journ\u00e9e. De brefs moments qui accompagnent notre histoire.\u00a0<span style=\"font-size: 1rem; letter-spacing: 0.3px;\">C'est avec cette motivation que nous construisons notre avenir et que nous nous r\u00e9jouissons d'ouvrir de nouveaux horizons avec nos clients, nos fournisseurs et nos partenaires.<\/span><\/p><p>Nous retenons cette id\u00e9e directrice et la faisons r\u00e9appara\u00eetre avec notre logo.<\/p><p>Blidor - pour des horizons communs !<\/p>\t\t\t\t\t\t\t\t<\/div>\n\t\t\t\t<\/div>\n\t\t\t\t\t<\/div>\n\t\t<\/div>\n\t\t\t\t\t<\/div>\n\t\t<\/section>\n\t\t\t\t<section class=\"elementor-section elementor-top-section elementor-element elementor-element-3f410d5 elementor-section-boxed elementor-section-height-default elementor-section-height-default\" data-id=\"3f410d5\" data-element_type=\"section\" data-e-type=\"section\">\n\t\t\t\t\t\t<div class=\"elementor-container elementor-column-gap-default\">\n\t\t\t\t\t<div class=\"elementor-column elementor-col-100 elementor-top-column elementor-element elementor-element-f54e89a\" data-id=\"f54e89a\" data-element_type=\"column\" data-e-type=\"column\">\n\t\t\t<div class=\"elementor-widget-wrap elementor-element-populated\">\n\t\t\t\t\t\t<div class=\"elementor-element elementor-element-5c95907 elementor-widget elementor-widget-image\" data-id=\"5c95907\" data-element_type=\"widget\" data-e-type=\"widget\" data-widget_type=\"image.default\">\n\t\t\t\t<div class=\"elementor-widget-container\">\n\t\t\t\t\t\t\t\t\t\t\t\t\t\t\t<img fetchpriority=\"high\" decoding=\"async\" width=\"500\" height=\"500\" src=\"https:\/\/blidor.ch\/wp-content\/uploads\/logo_2022_blidor-mit-claim-de_quadratisch.jpg\" class=\"attachment-large size-large wp-image-7246\" alt=\"\" srcset=\"https:\/\/blidor.ch\/wp-content\/uploads\/logo_2022_blidor-mit-claim-de_quadratisch.jpg 500w, https:\/\/blidor.ch\/wp-content\/uploads\/logo_2022_blidor-mit-claim-de_quadratisch-300x300.jpg 300w, https:\/\/blidor.ch\/wp-content\/uploads\/logo_2022_blidor-mit-claim-de_quadratisch-100x100.jpg 100w, https:\/\/blidor.ch\/wp-content\/uploads\/logo_2022_blidor-mit-claim-de_quadratisch-64x64.jpg 64w, https:\/\/blidor.ch\/wp-content\/uploads\/logo_2022_blidor-mit-claim-de_quadratisch-256x256.jpg 256w\" sizes=\"(max-width: 500px) 100vw, 500px\" \/>\t\t\t\t\t\t\t\t\t\t\t\t\t\t\t<\/div>\n\t\t\t\t<\/div>\n\t\t\t\t\t<\/div>\n\t\t<\/div>\n\t\t\t\t\t<\/div>\n\t\t<\/section>\n\t\t\t\t<\/div>","protected":false},"excerpt":{"rendered":"<p>Qui ne conna\u00eet pas cette phrase ? Beaucoup de nos histoires connues commencent par ces six mots. Celle de Blidor AG aussi.<\/p>","protected":false},"author":4,"featured_media":7244,"comment_status":"open","ping_status":"open","sticky":false,"template":"","format":"standard","meta":{"footnotes":""},"categories":[53],"tags":[],"class_list":["post-7243","post","type-post","status-publish","format-standard","has-post-thumbnail","hentry","category-unternehmen"],"_links":{"self":[{"href":"https:\/\/blidor.ch\/fr\/wp-json\/wp\/v2\/posts\/7243","targetHints":{"allow":["GET"]}}],"collection":[{"href":"https:\/\/blidor.ch\/fr\/wp-json\/wp\/v2\/posts"}],"about":[{"href":"https:\/\/blidor.ch\/fr\/wp-json\/wp\/v2\/types\/post"}],"author":[{"embeddable":true,"href":"https:\/\/blidor.ch\/fr\/wp-json\/wp\/v2\/users\/4"}],"replies":[{"embeddable":true,"href":"https:\/\/blidor.ch\/fr\/wp-json\/wp\/v2\/comments?post=7243"}],"version-history":[{"count":0,"href":"https:\/\/blidor.ch\/fr\/wp-json\/wp\/v2\/posts\/7243\/revisions"}],"wp:featuredmedia":[{"embeddable":true,"href":"https:\/\/blidor.ch\/fr\/wp-json\/wp\/v2\/media\/7244"}],"wp:attachment":[{"href":"https:\/\/blidor.ch\/fr\/wp-json\/wp\/v2\/media?parent=7243"}],"wp:term":[{"taxonomy":"category","embeddable":true,"href":"https:\/\/blidor.ch\/fr\/wp-json\/wp\/v2\/categories?post=7243"},{"taxonomy":"post_tag","embeddable":true,"href":"https:\/\/blidor.ch\/fr\/wp-json\/wp\/v2\/tags?post=7243"}],"curies":[{"name":"wp","href":"https:\/\/api.w.org\/{rel}","templated":true}]}}