{"id":13601,"date":"2022-11-09T13:41:08","date_gmt":"2022-11-09T12:41:08","guid":{"rendered":"https:\/\/blidor.ch\/?p=13601"},"modified":"2022-11-09T13:50:51","modified_gmt":"2022-11-09T12:50:51","slug":"blidor-bi-de-lut-schmutz-ade-2","status":"publish","type":"post","link":"https:\/\/blidor.ch\/en\/vor-weihnachtszeit-ist-maertziit\/","title":{"rendered":"\"Blidor bi de L\u00fct\" - Pre-Christmas time is M\u00e4rtziit"},"content":{"rendered":"<div data-elementor-type=\"wp-post\" data-elementor-id=\"13601\" class=\"elementor elementor-13601\" data-elementor-post-type=\"post\">\n\t\t\t\t\t\t<section class=\"elementor-section elementor-top-section elementor-element elementor-element-55a8c671 elementor-section-boxed elementor-section-height-default elementor-section-height-default\" data-id=\"55a8c671\" data-element_type=\"section\" data-e-type=\"section\" data-settings=\"{&quot;background_background&quot;:&quot;classic&quot;}\">\n\t\t\t\t\t\t<div class=\"elementor-container elementor-column-gap-default\">\n\t\t\t\t\t<div class=\"elementor-column elementor-col-100 elementor-top-column elementor-element elementor-element-4d384e93\" data-id=\"4d384e93\" data-element_type=\"column\" data-e-type=\"column\" data-settings=\"{&quot;background_background&quot;:&quot;classic&quot;}\">\n\t\t\t<div class=\"elementor-widget-wrap elementor-element-populated\">\n\t\t\t\t\t\t<div class=\"elementor-element elementor-element-f321ba8 elementor-widget elementor-widget-text-editor\" data-id=\"f321ba8\" data-element_type=\"widget\" data-e-type=\"widget\" data-widget_type=\"text-editor.default\">\n\t\t\t\t<div class=\"elementor-widget-container\">\n\t\t\t\t\t\t\t\t\t<p>It will soon be mid-November and we are in the middle of the pre-Christmas season. This also includes the many Christmas markets. This year, we'll be taking part and presenting ourselves at the WAMI Farm at the Frieslichomer Wiehnachtsm\u00e4rt in Cham. The market stalls will be open on Saturday, 19 November from 3 pm to 8 pm and Sunday, 20 November from 11 am to 5 pm. There will also be drinks, a food truck and a warm, cosy caf\u00e9 with entertainment from 8 pm.<\/p><p>On Sunday at 3.30pm, Mary Palkoska will tell her story of the curious dwarf Wunderfitz.<\/p><p>We have our wide range of cosmetics, selected speciality products for hygiene and body care and our gift sets with the theme \"Time for yourself\".<\/p><p>Why don't you come round too?<\/p><p>\u00a0<\/p><h2>Our gift sets:<\/h2>\t\t\t\t\t\t\t\t<\/div>\n\t\t\t\t<\/div>\n\t\t\t\t\t<\/div>\n\t\t<\/div>\n\t\t\t\t\t<\/div>\n\t\t<\/section>\n\t\t\t\t<section class=\"elementor-section elementor-top-section elementor-element elementor-element-600dd4e elementor-section-boxed elementor-section-height-default elementor-section-height-default\" data-id=\"600dd4e\" data-element_type=\"section\" data-e-type=\"section\">\n\t\t\t\t\t\t<div class=\"elementor-container elementor-column-gap-default\">\n\t\t\t\t\t<div class=\"elementor-column elementor-col-100 elementor-top-column elementor-element elementor-element-6908f4a\" data-id=\"6908f4a\" data-element_type=\"column\" data-e-type=\"column\">\n\t\t\t<div class=\"elementor-widget-wrap elementor-element-populated\">\n\t\t\t\t\t\t\t<\/div>\n\t\t<\/div>\n\t\t\t\t\t<\/div>\n\t\t<\/section>\n\t\t\t\t<\/div>","protected":false},"excerpt":{"rendered":"<p>Schon bald ist Mitte November und wir sind mitten in der Vor-Weihnachtszeit. Dazu geh\u00f6ren auch die vielen Weihnachtsm\u00e4rkte. Dieses Jahr sind wir mit dabei und pr\u00e4sentieren uns auf der WAMI Farm am Frieslichomer Wiehnachtsm\u00e4rt in Cham. Am Samstag, 19. November von 15 Uhr bis 20 Uhr und Sonntag, 20. November von 11 Uhr bis 17 [&hellip;]<\/p>\n","protected":false},"author":4,"featured_media":13602,"comment_status":"open","ping_status":"open","sticky":false,"template":"","format":"standard","meta":{"footnotes":""},"categories":[53],"tags":[],"class_list":["post-13601","post","type-post","status-publish","format-standard","has-post-thumbnail","hentry","category-unternehmen"],"_links":{"self":[{"href":"https:\/\/blidor.ch\/en\/wp-json\/wp\/v2\/posts\/13601","targetHints":{"allow":["GET"]}}],"collection":[{"href":"https:\/\/blidor.ch\/en\/wp-json\/wp\/v2\/posts"}],"about":[{"href":"https:\/\/blidor.ch\/en\/wp-json\/wp\/v2\/types\/post"}],"author":[{"embeddable":true,"href":"https:\/\/blidor.ch\/en\/wp-json\/wp\/v2\/users\/4"}],"replies":[{"embeddable":true,"href":"https:\/\/blidor.ch\/en\/wp-json\/wp\/v2\/comments?post=13601"}],"version-history":[{"count":0,"href":"https:\/\/blidor.ch\/en\/wp-json\/wp\/v2\/posts\/13601\/revisions"}],"wp:featuredmedia":[{"embeddable":true,"href":"https:\/\/blidor.ch\/en\/wp-json\/wp\/v2\/media\/13602"}],"wp:attachment":[{"href":"https:\/\/blidor.ch\/en\/wp-json\/wp\/v2\/media?parent=13601"}],"wp:term":[{"taxonomy":"category","embeddable":true,"href":"https:\/\/blidor.ch\/en\/wp-json\/wp\/v2\/categories?post=13601"},{"taxonomy":"post_tag","embeddable":true,"href":"https:\/\/blidor.ch\/en\/wp-json\/wp\/v2\/tags?post=13601"}],"curies":[{"name":"wp","href":"https:\/\/api.w.org\/{rel}","templated":true}]}}